{"id":56884,"date":"2020-06-18T06:09:53","date_gmt":"2020-06-18T05:09:53","guid":{"rendered":"https:\/\/groupetemp.grimaudsites.com\/successful-debut-for-the-natural-concept-day\/"},"modified":"2024-03-06T11:10:30","modified_gmt":"2024-03-06T10:10:30","slug":"successful-debut-for-the-natural-concept-day","status":"publish","type":"post","link":"https:\/\/grimaud.com\/en\/animals\/successful-debut-for-the-natural-concept-day\/","title":{"rendered":"SUCCESSFUL DEBUT FOR THE NATURAL CONCEPT DAY"},"content":{"rendered":"<p>[et_pb_section fb_built=&#8221;1&#8243; custom_padding_last_edited=&#8221;on|phone&#8221; _builder_version=&#8221;4.0.6&#8243; background_color=&#8221;rgba(0,0,0,0.15)&#8221; background_image=&#8221;https:\/\/grimaud.com\/wp-content\/uploads\/2020\/05\/bg-blur.jpg&#8221; background_blend=&#8221;overlay&#8221; custom_margin=&#8221;0px||0px||false|false&#8221; custom_padding=&#8221;136px|10.8%|136px|17.7%|true|false&#8221; custom_padding_tablet=&#8221;100px|12%|100px|12%|false|true&#8221; custom_padding_phone=&#8221;100px|7%|100px|7%|true|true&#8221; global_module=&#8221;55846&#8243; saved_tabs=&#8221;all&#8221;][et_pb_row use_custom_gutter=&#8221;on&#8221; gutter_width=&#8221;3&#8243; _builder_version=&#8221;4.4.4&#8243; width_tablet=&#8221;100%&#8221; width_phone=&#8221;&#8221; width_last_edited=&#8221;on|desktop&#8221; custom_margin=&#8221;0px||0px||false|false&#8221; custom_padding=&#8221;0||0px||false|false&#8221;][et_pb_column type=&#8221;4_4&#8243; _builder_version=&#8221;3.25&#8243; custom_padding=&#8221;|||&#8221; custom_padding__hover=&#8221;|||&#8221;][et_pb_post_title author=&#8221;off&#8221; date_format=&#8221;j\/m\/Y&#8221; categories=&#8221;off&#8221; comments=&#8221;off&#8221; featured_image=&#8221;off&#8221; text_color=&#8221;light&#8221; _builder_version=&#8221;4.4.4&#8243; title_font=&#8221;||||||||&#8221; title_text_align=&#8221;left&#8221; title_font_size=&#8221;50px&#8221; title_line_height=&#8221;1.2em&#8221; meta_font=&#8221;||||||||&#8221; meta_text_color=&#8221;#e0e0e0&#8243; title_font_size_tablet=&#8221;45px&#8221; title_font_size_phone=&#8221;40px&#8221; title_font_size_last_edited=&#8221;on|phone&#8221;][\/et_pb_post_title][\/et_pb_column][\/et_pb_row][\/et_pb_section][et_pb_section fb_built=&#8221;1&#8243; _builder_version=&#8221;4.2.2&#8243; custom_padding=&#8221;0px||0px||false|false&#8221;][et_pb_row _builder_version=&#8221;4.4.4&#8243; custom_padding=&#8221;0px||0px||false|false&#8221;][et_pb_column type=&#8221;4_4&#8243; _builder_version=&#8221;4.2.2&#8243;][et_pb_button button_url=&#8221;@ET-DC@eyJkeW5hbWljIjp0cnVlLCJjb250ZW50IjoicG9zdF9saW5rX3VybF9wYWdlIiwic2V0dGluZ3MiOnsicG9zdF9pZCI6IjQzNzQ3In19@&#8221; button_text=&#8221;Retour aux actualit\u00e9s&#8221; button_alignment=&#8221;right&#8221; button_alignment_tablet=&#8221;&#8221; button_alignment_phone=&#8221;left&#8221; button_alignment_last_edited=&#8221;on|phone&#8221; _builder_version=&#8221;4.4.4&#8243; _dynamic_attributes=&#8221;button_url&#8221;][\/et_pb_button][\/et_pb_column][\/et_pb_row][\/et_pb_section][et_pb_section fb_built=&#8221;1&#8243; custom_padding_last_edited=&#8221;on|phone&#8221; _builder_version=&#8221;4.0.6&#8243; background_enable_image=&#8221;off&#8221; background_size=&#8221;initial&#8221; background_position=&#8221;bottom_right&#8221; custom_margin=&#8221;||0px&#8221; custom_padding=&#8221;80px|17.7%|0px|17.7%|false|true&#8221; custom_padding_tablet=&#8221;|12%||12%|true|true&#8221; custom_padding_phone=&#8221;|7%||7%|false|true&#8221;][et_pb_row use_custom_gutter=&#8221;on&#8221; gutter_width=&#8221;4&#8243; _builder_version=&#8221;4.0.6&#8243; background_size=&#8221;initial&#8221; background_position=&#8221;top_left&#8221; background_repeat=&#8221;repeat&#8221; width_tablet=&#8221;100%&#8221; width_phone=&#8221;&#8221; width_last_edited=&#8221;on|desktop&#8221; max_width_tablet=&#8221;&#8221; max_width_phone=&#8221;&#8221; max_width_last_edited=&#8221;on|tablet&#8221; custom_margin=&#8221;|auto|0px|auto||&#8221; custom_padding=&#8221;0px||0||false|false&#8221;][et_pb_column type=&#8221;4_4&#8243; _builder_version=&#8221;3.25&#8243; custom_padding=&#8221;|||&#8221; custom_padding__hover=&#8221;|||&#8221;][et_pb_text _builder_version=&#8221;4.4.4&#8243; text_font=&#8221;|700|||||||&#8221; text_font_size=&#8221;22px&#8221; text_line_height=&#8221;1.8em&#8221; header_2_font_size=&#8221;20px&#8221; header_2_line_height=&#8221;1.3em&#8221; header_3_text_color=&#8221;#000000&#8243; header_3_font_size=&#8221;20px&#8221; background_size=&#8221;initial&#8221; background_position=&#8221;top_left&#8221; background_repeat=&#8221;repeat&#8221; custom_margin=&#8221;||50px||false|false&#8221; custom_padding=&#8221;|0%|0px|30px|false|false&#8221; header_2_font_size_tablet=&#8221;&#8221; header_2_font_size_phone=&#8221;40px&#8221; header_2_font_size_last_edited=&#8221;on|desktop&#8221; border_width_left=&#8221;6px&#8221; border_color_left=&#8221;#000000&#8243; border_style_left=&#8221;solid&#8221;]<\/p>\n<p>La 1re Journ\u00e9e &#8220;Natural Concept&#8221; issue du partenariat entre le Groupe Grimaud et Agrocampus Ouest s\u2019est tenue le mardi 5 d\u00e9cembre 2017, sur le campus de Rennes.<\/p>\n<p>[\/et_pb_text][et_pb_text _builder_version=&#8221;4.4.4&#8243; text_font_size=&#8221;19px&#8221; text_line_height=&#8221;2em&#8221; header_2_font_size=&#8221;20px&#8221; header_2_line_height=&#8221;1.3em&#8221; header_3_text_color=&#8221;#000000&#8243; header_3_font_size=&#8221;20px&#8221; background_size=&#8221;initial&#8221; background_position=&#8221;top_left&#8221; background_repeat=&#8221;repeat&#8221; header_2_font_size_tablet=&#8221;&#8221; header_2_font_size_phone=&#8221;40px&#8221; header_2_font_size_last_edited=&#8221;on|desktop&#8221;]<\/p>\n<p>Pr\u00e8s de 150 personnes \u00e9taient r\u00e9unies : des professionnels des productions animales, de la recherche et de l\u2019enseignement, ainsi qu\u2019une trentaine d\u2019\u00e9tudiants en sp\u00e9cialisation sciences et productions animales.<br \/> Cette journ\u00e9e a permis de riches \u00e9changes sur les enjeux de d\u00e9veloppement durable dans les fili\u00e8res de production animale. Apr\u00e8s une introduction par Fr\u00e9d\u00e9ric Grimaud (Directeur G\u00e9n\u00e9ral du Groupe Grimaud) et Gr\u00e9goire Thomas (Directeur Agrocampus Ouest), diverses interventions ont rythm\u00e9 la journ\u00e9e :<\/p>\n<ul>\n<li>\u00ab La place de l\u2019\u00e9levage dans le monde et les enjeux pour le grand ouest \u00bb par Herv\u00e9 Guyomard (L.I.T. Laboratoire d\u2019innovation territorial)<\/li>\n<li>\u00ab Combiner productivit\u00e9 (ou productivisme) et durabilit\u00e9 en \u00e9levage \u00bb par Yann Lecointre (Evolution XY)<\/li>\n<li>\u00ab La place de la prot\u00e9ine animale dans la soci\u00e9t\u00e9 de demain \u00bb avec :\n<ul>\n<li>Chicken of Tomorrow par Fr\u00e9d\u00e9ric Fagnoul (Hubbard)<\/li>\n<li>De la ferme \u00e0 l\u2019assiette par Carole Galissant (Sodexo)<\/li>\n<\/ul>\n<\/li>\n<li>Le Natural Concept par Fr\u00e9d\u00e9ric Grimaud<\/li>\n<\/ul>\n<p>Trois doctorants\/es (Fr\u00e9d\u00e9ric Jehl, Florian Herry et Mathilde Lesciellour) ont \u00e9t\u00e9 prim\u00e9s\/es par le Groupe Grimaud pour la pr\u00e9sentation en 180\u2019\u2019 de leurs travaux de th\u00e8se en lien avec le d\u00e9veloppement durable. Fr\u00e9d\u00e9ric Jehl, vainqueur de ce concours, s\u2019est vu remettre une tablette et sera prochainement accueilli au sein du Groupe Grimaud pour une journ\u00e9e d\u2019immersion professionnelle.<\/p>\n<p>Fruit du partenariat entre Agrocampus Ouest et le Groupe Grimaud, la chaire partenariale &#8220;G\u00e9nomique et aviculture&#8221; est un lieu unique d\u2019\u00e9changes et de construction pour d\u00e9velopper une expertise d&#8217;enseignement et de recherche appliqu\u00e9e. Son objectif est de d\u00e9velopper des activit\u00e9s nouvelles de formation et de recherche de haut niveau au sein de la fili\u00e8re pour mieux accompagner les mutations techniques, \u00e9conomiques et soci\u00e9tales \u00e0 venir.<\/p>\n<p>[\/et_pb_text][et_pb_text _builder_version=&#8221;4.4.4&#8243; text_font=&#8221;|700|||||||&#8221; text_font_size=&#8221;22px&#8221; text_line_height=&#8221;1.8em&#8221; header_2_font_size=&#8221;20px&#8221; header_2_line_height=&#8221;1.3em&#8221; header_3_text_color=&#8221;#000000&#8243; header_3_font_size=&#8221;20px&#8221; background_size=&#8221;initial&#8221; background_position=&#8221;top_left&#8221; background_repeat=&#8221;repeat&#8221; custom_margin=&#8221;50px||50px||true|false&#8221; custom_padding=&#8221;|0%|0px|30px|false|false&#8221; header_2_font_size_tablet=&#8221;&#8221; header_2_font_size_phone=&#8221;40px&#8221; header_2_font_size_last_edited=&#8221;on|desktop&#8221; border_width_left=&#8221;6px&#8221; border_color_left=&#8221;#000000&#8243; border_style_left=&#8221;solid&#8221;]<\/p>\n<p>Cette journ\u00e9e a pour vocation \u00e0 se renouveler, pour devenir un rendez-vous d\u2019\u00e9change o\u00f9 professionnels, enseignants, chercheurs et \u00e9tudiants se retrouvent pour d\u00e9battre des enjeux et opportunit\u00e9s autour du d\u00e9veloppement durable, et proposer des \u00e9l\u00e9ments de r\u00e9ponses. Rendez-vous fin 2018 pour la saison 2 !<\/p>\n<p>Fr\u00e9d\u00e9ric GRIMAUD<\/p>\n<p>[\/et_pb_text][\/et_pb_column][\/et_pb_row][et_pb_row use_custom_gutter=&#8221;on&#8221; gutter_width=&#8221;4&#8243; _builder_version=&#8221;4.0.6&#8243; background_size=&#8221;initial&#8221; background_position=&#8221;top_left&#8221; background_repeat=&#8221;repeat&#8221; width_tablet=&#8221;100%&#8221; width_phone=&#8221;&#8221; width_last_edited=&#8221;on|desktop&#8221; max_width_tablet=&#8221;&#8221; max_width_phone=&#8221;&#8221; max_width_last_edited=&#8221;on|tablet&#8221; custom_margin=&#8221;||50px&#8221; custom_padding=&#8221;0px||0||false|false&#8221; global_module=&#8221;55915&#8243; saved_tabs=&#8221;all&#8221;][et_pb_column type=&#8221;4_4&#8243; _builder_version=&#8221;3.25&#8243; custom_padding=&#8221;|||&#8221; custom_padding__hover=&#8221;|||&#8221;][et_pb_text disabled_on=&#8221;off|off|off&#8221; _builder_version=&#8221;4.4.4&#8243; text_font=&#8221;|800|||||||&#8221; text_font_size=&#8221;20px&#8221; text_line_height=&#8221;1em&#8221; header_2_line_height=&#8221;50px&#8221; header_3_font_size=&#8221;28px&#8221; header_3_line_height=&#8221;30px&#8221; custom_margin=&#8221;1px||0px||false|false&#8221; header_2_font_size_tablet=&#8221;&#8221; header_2_font_size_phone=&#8221;40px&#8221; header_2_font_size_last_edited=&#8221;on|desktop&#8221;]<\/p>\n<p>Au sujet du Groupe Grimaud<\/p>\n<p>[\/et_pb_text][et_pb_divider color=&#8221;#94c11f&#8221; divider_position=&#8221;center&#8221; disabled_on=&#8221;off|off|off&#8221; _builder_version=&#8221;4.4.4&#8243; max_width=&#8221;70px&#8221; height=&#8221;0px&#8221; custom_margin=&#8221;15px||20px||false|false&#8221;][\/et_pb_divider][et_pb_text disabled_on=&#8221;off|off|off&#8221; _builder_version=&#8221;4.4.4&#8243; text_line_height=&#8221;2em&#8221; header_2_line_height=&#8221;50px&#8221; header_3_font_size=&#8221;28px&#8221; header_3_line_height=&#8221;30px&#8221; custom_margin=&#8221;||10px&#8221; header_2_font_size_tablet=&#8221;&#8221; header_2_font_size_phone=&#8221;40px&#8221; header_2_font_size_last_edited=&#8221;on|desktop&#8221;]<\/p>\n<p>Le Groupe Grimaud est un groupe \u00e0 capitaux majoritairement familiaux dont le si\u00e8ge social est bas\u00e9 \u00e0 S\u00e8vremoine (49). Le Groupe Grimaud d\u00e9veloppe ses activit\u00e9s dans les domaines de la s\u00e9lection g\u00e9n\u00e9tique animale et la biopharmacie.<br \/> Le Groupe Grimaud g\u00e9n\u00e8re 300M \u20ac de chiffre d\u2019affaires dans plus de 100 pays, par ses filiales et participations employant 1800 employ\u00e9s dans le monde.<\/p>\n<p>[\/et_pb_text][\/et_pb_column][\/et_pb_row][et_pb_row use_custom_gutter=&#8221;on&#8221; gutter_width=&#8221;4&#8243; _builder_version=&#8221;4.4.4&#8243; background_size=&#8221;initial&#8221; background_position=&#8221;top_left&#8221; background_repeat=&#8221;repeat&#8221; width_tablet=&#8221;100%&#8221; width_phone=&#8221;&#8221; width_last_edited=&#8221;on|desktop&#8221; max_width_tablet=&#8221;&#8221; max_width_phone=&#8221;&#8221; max_width_last_edited=&#8221;on|tablet&#8221; custom_margin=&#8221;||50px&#8221; custom_padding=&#8221;0px||0||false|false&#8221; global_module=&#8221;55916&#8243; saved_tabs=&#8221;all&#8221;][et_pb_column type=&#8221;4_4&#8243; _builder_version=&#8221;3.25&#8243; custom_padding=&#8221;|||&#8221; custom_padding__hover=&#8221;|||&#8221;][et_pb_text disabled_on=&#8221;off|off|off&#8221; _builder_version=&#8221;4.4.4&#8243; text_font=&#8221;|800|||||||&#8221; text_font_size=&#8221;20px&#8221; text_line_height=&#8221;1em&#8221; header_2_line_height=&#8221;50px&#8221; header_3_font_size=&#8221;28px&#8221; header_3_line_height=&#8221;30px&#8221; custom_margin=&#8221;-4px||0px||false|false&#8221; header_2_font_size_tablet=&#8221;&#8221; header_2_font_size_phone=&#8221;40px&#8221; header_2_font_size_last_edited=&#8221;on|desktop&#8221;]<\/p>\n<p>Pour plus d&#8217;informations<\/p>\n<p>[\/et_pb_text][et_pb_divider color=&#8221;#94c11f&#8221; divider_position=&#8221;center&#8221; disabled_on=&#8221;off|off|off&#8221; _builder_version=&#8221;4.0.6&#8243; max_width=&#8221;70px&#8221; height=&#8221;0px&#8221; custom_margin=&#8221;15px||20px||false|false&#8221;][\/et_pb_divider][et_pb_text disabled_on=&#8221;off|off|off&#8221; _builder_version=&#8221;4.4.4&#8243; header_2_line_height=&#8221;50px&#8221; header_3_font_size=&#8221;28px&#8221; header_3_line_height=&#8221;30px&#8221; custom_margin=&#8221;||10px&#8221; header_2_font_size_tablet=&#8221;&#8221; header_2_font_size_phone=&#8221;40px&#8221; header_2_font_size_last_edited=&#8221;on|desktop&#8221;]<\/p>\n<p>Pour toute demande d&#8217;information, n&#8217;h\u00e9sitez pas \u00e0 nous contacter :<\/p>\n<p>Delphine LEMASLE<br \/> <a href=\"mailto:delphine.lemasle@grimaud.com\">delphine.lemasle@grimaud.com<\/a><br \/> <a href=\"tel:02%2041 70 99 58\">02 41 70 99 58<\/a><\/p>\n<p>Le site du Groupe Grimaud : <a href=\"https:\/\/grimaud.com\/\" target=\"_blank\" rel=\"noopener noreferrer\">www.grimaud.com<\/a><\/p>\n<p>[\/et_pb_text][\/et_pb_column][\/et_pb_row][et_pb_row use_custom_gutter=&#8221;on&#8221; gutter_width=&#8221;3&#8243; disabled_on=&#8221;off|off|off&#8221; _builder_version=&#8221;4.0.6&#8243; background_enable_color=&#8221;off&#8221; width_tablet=&#8221;100%&#8221; width_phone=&#8221;&#8221; width_last_edited=&#8221;on|desktop&#8221; max_width_tablet=&#8221;&#8221; max_width_phone=&#8221;&#8221; max_width_last_edited=&#8221;on|tablet&#8221; custom_margin=&#8221;|auto|20px|auto|false|false&#8221; custom_margin_tablet=&#8221;||20px||false|false&#8221; custom_margin_phone=&#8221;&#8221; custom_margin_last_edited=&#8221;on|phone&#8221; custom_padding=&#8221;0px||0px||false|false&#8221; global_module=&#8221;55895&#8243; saved_tabs=&#8221;all&#8221;][et_pb_column type=&#8221;4_4&#8243; _builder_version=&#8221;3.25&#8243; custom_padding=&#8221;|||&#8221; custom_padding__hover=&#8221;|||&#8221;][et_pb_post_nav prev_text=&#8221;Pr\u00e9c\u00e9dent&#8221; next_text=&#8221;Suivant&#8221; disabled_on=&#8221;off|off|off&#8221; _builder_version=&#8221;4.0.6&#8243; max_width=&#8221;100%&#8221; custom_padding=&#8221;0px|0px|0px|0px||&#8221;][\/et_pb_post_nav][\/et_pb_column][\/et_pb_row][\/et_pb_section]<\/p>\n","protected":false},"excerpt":{"rendered":"<p>The inaugural &#8220;Natural Concept&#8221; Day, a result of the partnership between the Groupe Grimaud and Agrocampus Ouest, was held on Tuesday 5th December at the Rennes facility.<\/p>\n","protected":false},"author":3,"featured_media":1063025,"comment_status":"open","ping_status":"open","sticky":false,"template":"","format":"standard","meta":{"_et_pb_use_builder":"on","_et_pb_old_content":"<!-- wp:heading -->\n<h2>This is a text<\/h2>\n<!-- \/wp:heading -->","_et_gb_content_width":"","footnotes":"","_links_to":"","_links_to_target":""},"categories":[49,47,48],"tags":[],"dipi_cpt_category":[],"class_list":["post-56884","post","type-post","status-publish","format-standard","has-post-thumbnail","hentry","category-humans","category-animals","category-planet"],"yoast_head":"<!-- This site is optimized with the Yoast SEO plugin v26.4 - https:\/\/yoast.com\/wordpress\/plugins\/seo\/ -->\n<title>SUCCESSFUL DEBUT FOR THE NATURAL CONCEPT DAY - Groupe Grimaud<\/title>\n<meta name=\"robots\" content=\"index, follow, max-snippet:-1, max-image-preview:large, max-video-preview:-1\" \/>\n<link rel=\"canonical\" href=\"https:\/\/grimaud.com\/en\/animals\/successful-debut-for-the-natural-concept-day\/\" \/>\n<meta property=\"og:locale\" content=\"en_US\" \/>\n<meta property=\"og:type\" content=\"article\" \/>\n<meta property=\"og:title\" content=\"SUCCESSFUL DEBUT FOR THE NATURAL CONCEPT DAY - Groupe Grimaud\" \/>\n<meta property=\"og:description\" content=\"The inaugural &quot;Natural Concept&quot; Day, a result of the partnership between the Groupe Grimaud and Agrocampus Ouest, was held on Tuesday 5th December at the Rennes facility.\" \/>\n<meta property=\"og:url\" content=\"https:\/\/grimaud.com\/en\/animals\/successful-debut-for-the-natural-concept-day\/\" \/>\n<meta property=\"og:site_name\" content=\"Groupe Grimaud\" \/>\n<meta property=\"article:published_time\" content=\"2020-06-18T05:09:53+00:00\" \/>\n<meta property=\"article:modified_time\" content=\"2024-03-06T10:10:30+00:00\" \/>\n<meta property=\"og:image\" content=\"https:\/\/grimaud.com\/wp-content\/uploads\/2020\/06\/succes-natural-concept.jpg\" \/>\n\t<meta property=\"og:image:width\" content=\"599\" \/>\n\t<meta property=\"og:image:height\" content=\"337\" \/>\n\t<meta property=\"og:image:type\" content=\"image\/jpeg\" \/>\n<meta name=\"author\" content=\"Nicolas Peigner\" \/>\n<meta name=\"twitter:card\" content=\"summary_large_image\" \/>\n<meta name=\"twitter:label1\" content=\"Written by\" \/>\n\t<meta name=\"twitter:data1\" content=\"Nicolas Peigner\" \/>\n\t<meta name=\"twitter:label2\" content=\"Est. reading time\" \/>\n\t<meta name=\"twitter:data2\" content=\"4 minutes\" \/>\n<script type=\"application\/ld+json\" class=\"yoast-schema-graph\">{\"@context\":\"https:\/\/schema.org\",\"@graph\":[{\"@type\":\"Article\",\"@id\":\"https:\/\/grimaud.com\/en\/animals\/successful-debut-for-the-natural-concept-day\/#article\",\"isPartOf\":{\"@id\":\"https:\/\/grimaud.com\/en\/animals\/successful-debut-for-the-natural-concept-day\/\"},\"author\":{\"name\":\"Nicolas Peigner\",\"@id\":\"https:\/\/grimaud.com\/#\/schema\/person\/dd3ebc05c56309e54d217e7b9cb4b546\"},\"headline\":\"SUCCESSFUL DEBUT FOR THE NATURAL CONCEPT DAY\",\"datePublished\":\"2020-06-18T05:09:53+00:00\",\"dateModified\":\"2024-03-06T10:10:30+00:00\",\"mainEntityOfPage\":{\"@id\":\"https:\/\/grimaud.com\/en\/animals\/successful-debut-for-the-natural-concept-day\/\"},\"wordCount\":1628,\"commentCount\":0,\"publisher\":{\"@id\":\"https:\/\/grimaud.com\/#organization\"},\"image\":{\"@id\":\"https:\/\/grimaud.com\/en\/animals\/successful-debut-for-the-natural-concept-day\/#primaryimage\"},\"thumbnailUrl\":\"https:\/\/grimaud.com\/wp-content\/uploads\/2020\/06\/succes-natural-concept.jpg\",\"articleSection\":[\"HUMANS\",\"ANIMALS\",\"THE PLANET\"],\"inLanguage\":\"en-US\",\"potentialAction\":[{\"@type\":\"CommentAction\",\"name\":\"Comment\",\"target\":[\"https:\/\/grimaud.com\/en\/animals\/successful-debut-for-the-natural-concept-day\/#respond\"]}]},{\"@type\":\"WebPage\",\"@id\":\"https:\/\/grimaud.com\/en\/animals\/successful-debut-for-the-natural-concept-day\/\",\"url\":\"https:\/\/grimaud.com\/en\/animals\/successful-debut-for-the-natural-concept-day\/\",\"name\":\"SUCCESSFUL DEBUT FOR THE NATURAL CONCEPT DAY - Groupe Grimaud\",\"isPartOf\":{\"@id\":\"https:\/\/grimaud.com\/#website\"},\"primaryImageOfPage\":{\"@id\":\"https:\/\/grimaud.com\/en\/animals\/successful-debut-for-the-natural-concept-day\/#primaryimage\"},\"image\":{\"@id\":\"https:\/\/grimaud.com\/en\/animals\/successful-debut-for-the-natural-concept-day\/#primaryimage\"},\"thumbnailUrl\":\"https:\/\/grimaud.com\/wp-content\/uploads\/2020\/06\/succes-natural-concept.jpg\",\"datePublished\":\"2020-06-18T05:09:53+00:00\",\"dateModified\":\"2024-03-06T10:10:30+00:00\",\"breadcrumb\":{\"@id\":\"https:\/\/grimaud.com\/en\/animals\/successful-debut-for-the-natural-concept-day\/#breadcrumb\"},\"inLanguage\":\"en-US\",\"potentialAction\":[{\"@type\":\"ReadAction\",\"target\":[\"https:\/\/grimaud.com\/en\/animals\/successful-debut-for-the-natural-concept-day\/\"]}]},{\"@type\":\"ImageObject\",\"inLanguage\":\"en-US\",\"@id\":\"https:\/\/grimaud.com\/en\/animals\/successful-debut-for-the-natural-concept-day\/#primaryimage\",\"url\":\"https:\/\/grimaud.com\/wp-content\/uploads\/2020\/06\/succes-natural-concept.jpg\",\"contentUrl\":\"https:\/\/grimaud.com\/wp-content\/uploads\/2020\/06\/succes-natural-concept.jpg\",\"width\":599,\"height\":337},{\"@type\":\"BreadcrumbList\",\"@id\":\"https:\/\/grimaud.com\/en\/animals\/successful-debut-for-the-natural-concept-day\/#breadcrumb\",\"itemListElement\":[{\"@type\":\"ListItem\",\"position\":1,\"name\":\"Accueil\",\"item\":\"https:\/\/grimaud.com\/en\/\"},{\"@type\":\"ListItem\",\"position\":2,\"name\":\"SUCCESSFUL DEBUT FOR THE NATURAL CONCEPT DAY\"}]},{\"@type\":\"WebSite\",\"@id\":\"https:\/\/grimaud.com\/#website\",\"url\":\"https:\/\/grimaud.com\/\",\"name\":\"Groupe Grimaud\",\"description\":\"Prendre soin de la vie\",\"publisher\":{\"@id\":\"https:\/\/grimaud.com\/#organization\"},\"potentialAction\":[{\"@type\":\"SearchAction\",\"target\":{\"@type\":\"EntryPoint\",\"urlTemplate\":\"https:\/\/grimaud.com\/?s={search_term_string}\"},\"query-input\":{\"@type\":\"PropertyValueSpecification\",\"valueRequired\":true,\"valueName\":\"search_term_string\"}}],\"inLanguage\":\"en-US\"},{\"@type\":\"Organization\",\"@id\":\"https:\/\/grimaud.com\/#organization\",\"name\":\"Groupe Grimaud\",\"url\":\"https:\/\/grimaud.com\/\",\"logo\":{\"@type\":\"ImageObject\",\"inLanguage\":\"en-US\",\"@id\":\"https:\/\/grimaud.com\/#\/schema\/logo\/image\/\",\"url\":\"https:\/\/grimaud.com\/wp-content\/uploads\/2020\/07\/Logo_Groupe-Grimaud_quadri_EN.svg\",\"contentUrl\":\"https:\/\/grimaud.com\/wp-content\/uploads\/2020\/07\/Logo_Groupe-Grimaud_quadri_EN.svg\",\"width\":358,\"height\":90,\"caption\":\"Groupe Grimaud\"},\"image\":{\"@id\":\"https:\/\/grimaud.com\/#\/schema\/logo\/image\/\"}},{\"@type\":\"Person\",\"@id\":\"https:\/\/grimaud.com\/#\/schema\/person\/dd3ebc05c56309e54d217e7b9cb4b546\",\"name\":\"Nicolas Peigner\",\"image\":{\"@type\":\"ImageObject\",\"inLanguage\":\"en-US\",\"@id\":\"https:\/\/grimaud.com\/#\/schema\/person\/image\/\",\"url\":\"https:\/\/secure.gravatar.com\/avatar\/d0a7906ec94cfccc21c1c7390cfa819410fa8d9ab3408283b6cbb9d299fb66f9?s=96&d=mm&r=g\",\"contentUrl\":\"https:\/\/secure.gravatar.com\/avatar\/d0a7906ec94cfccc21c1c7390cfa819410fa8d9ab3408283b6cbb9d299fb66f9?s=96&d=mm&r=g\",\"caption\":\"Nicolas Peigner\"}}]}<\/script>\n<!-- \/ Yoast SEO plugin. -->","yoast_head_json":{"title":"SUCCESSFUL DEBUT FOR THE NATURAL CONCEPT DAY - Groupe Grimaud","robots":{"index":"index","follow":"follow","max-snippet":"max-snippet:-1","max-image-preview":"max-image-preview:large","max-video-preview":"max-video-preview:-1"},"canonical":"https:\/\/grimaud.com\/en\/animals\/successful-debut-for-the-natural-concept-day\/","og_locale":"en_US","og_type":"article","og_title":"SUCCESSFUL DEBUT FOR THE NATURAL CONCEPT DAY - Groupe Grimaud","og_description":"The inaugural \"Natural Concept\" Day, a result of the partnership between the Groupe Grimaud and Agrocampus Ouest, was held on Tuesday 5th December at the Rennes facility.","og_url":"https:\/\/grimaud.com\/en\/animals\/successful-debut-for-the-natural-concept-day\/","og_site_name":"Groupe Grimaud","article_published_time":"2020-06-18T05:09:53+00:00","article_modified_time":"2024-03-06T10:10:30+00:00","og_image":[{"width":599,"height":337,"url":"https:\/\/grimaud.com\/wp-content\/uploads\/2020\/06\/succes-natural-concept.jpg","type":"image\/jpeg"}],"author":"Nicolas Peigner","twitter_card":"summary_large_image","twitter_misc":{"Written by":"Nicolas Peigner","Est. reading time":"4 minutes"},"schema":{"@context":"https:\/\/schema.org","@graph":[{"@type":"Article","@id":"https:\/\/grimaud.com\/en\/animals\/successful-debut-for-the-natural-concept-day\/#article","isPartOf":{"@id":"https:\/\/grimaud.com\/en\/animals\/successful-debut-for-the-natural-concept-day\/"},"author":{"name":"Nicolas Peigner","@id":"https:\/\/grimaud.com\/#\/schema\/person\/dd3ebc05c56309e54d217e7b9cb4b546"},"headline":"SUCCESSFUL DEBUT FOR THE NATURAL CONCEPT DAY","datePublished":"2020-06-18T05:09:53+00:00","dateModified":"2024-03-06T10:10:30+00:00","mainEntityOfPage":{"@id":"https:\/\/grimaud.com\/en\/animals\/successful-debut-for-the-natural-concept-day\/"},"wordCount":1628,"commentCount":0,"publisher":{"@id":"https:\/\/grimaud.com\/#organization"},"image":{"@id":"https:\/\/grimaud.com\/en\/animals\/successful-debut-for-the-natural-concept-day\/#primaryimage"},"thumbnailUrl":"https:\/\/grimaud.com\/wp-content\/uploads\/2020\/06\/succes-natural-concept.jpg","articleSection":["HUMANS","ANIMALS","THE PLANET"],"inLanguage":"en-US","potentialAction":[{"@type":"CommentAction","name":"Comment","target":["https:\/\/grimaud.com\/en\/animals\/successful-debut-for-the-natural-concept-day\/#respond"]}]},{"@type":"WebPage","@id":"https:\/\/grimaud.com\/en\/animals\/successful-debut-for-the-natural-concept-day\/","url":"https:\/\/grimaud.com\/en\/animals\/successful-debut-for-the-natural-concept-day\/","name":"SUCCESSFUL DEBUT FOR THE NATURAL CONCEPT DAY - Groupe Grimaud","isPartOf":{"@id":"https:\/\/grimaud.com\/#website"},"primaryImageOfPage":{"@id":"https:\/\/grimaud.com\/en\/animals\/successful-debut-for-the-natural-concept-day\/#primaryimage"},"image":{"@id":"https:\/\/grimaud.com\/en\/animals\/successful-debut-for-the-natural-concept-day\/#primaryimage"},"thumbnailUrl":"https:\/\/grimaud.com\/wp-content\/uploads\/2020\/06\/succes-natural-concept.jpg","datePublished":"2020-06-18T05:09:53+00:00","dateModified":"2024-03-06T10:10:30+00:00","breadcrumb":{"@id":"https:\/\/grimaud.com\/en\/animals\/successful-debut-for-the-natural-concept-day\/#breadcrumb"},"inLanguage":"en-US","potentialAction":[{"@type":"ReadAction","target":["https:\/\/grimaud.com\/en\/animals\/successful-debut-for-the-natural-concept-day\/"]}]},{"@type":"ImageObject","inLanguage":"en-US","@id":"https:\/\/grimaud.com\/en\/animals\/successful-debut-for-the-natural-concept-day\/#primaryimage","url":"https:\/\/grimaud.com\/wp-content\/uploads\/2020\/06\/succes-natural-concept.jpg","contentUrl":"https:\/\/grimaud.com\/wp-content\/uploads\/2020\/06\/succes-natural-concept.jpg","width":599,"height":337},{"@type":"BreadcrumbList","@id":"https:\/\/grimaud.com\/en\/animals\/successful-debut-for-the-natural-concept-day\/#breadcrumb","itemListElement":[{"@type":"ListItem","position":1,"name":"Accueil","item":"https:\/\/grimaud.com\/en\/"},{"@type":"ListItem","position":2,"name":"SUCCESSFUL DEBUT FOR THE NATURAL CONCEPT DAY"}]},{"@type":"WebSite","@id":"https:\/\/grimaud.com\/#website","url":"https:\/\/grimaud.com\/","name":"Groupe Grimaud","description":"Prendre soin de la vie","publisher":{"@id":"https:\/\/grimaud.com\/#organization"},"potentialAction":[{"@type":"SearchAction","target":{"@type":"EntryPoint","urlTemplate":"https:\/\/grimaud.com\/?s={search_term_string}"},"query-input":{"@type":"PropertyValueSpecification","valueRequired":true,"valueName":"search_term_string"}}],"inLanguage":"en-US"},{"@type":"Organization","@id":"https:\/\/grimaud.com\/#organization","name":"Groupe Grimaud","url":"https:\/\/grimaud.com\/","logo":{"@type":"ImageObject","inLanguage":"en-US","@id":"https:\/\/grimaud.com\/#\/schema\/logo\/image\/","url":"https:\/\/grimaud.com\/wp-content\/uploads\/2020\/07\/Logo_Groupe-Grimaud_quadri_EN.svg","contentUrl":"https:\/\/grimaud.com\/wp-content\/uploads\/2020\/07\/Logo_Groupe-Grimaud_quadri_EN.svg","width":358,"height":90,"caption":"Groupe Grimaud"},"image":{"@id":"https:\/\/grimaud.com\/#\/schema\/logo\/image\/"}},{"@type":"Person","@id":"https:\/\/grimaud.com\/#\/schema\/person\/dd3ebc05c56309e54d217e7b9cb4b546","name":"Nicolas Peigner","image":{"@type":"ImageObject","inLanguage":"en-US","@id":"https:\/\/grimaud.com\/#\/schema\/person\/image\/","url":"https:\/\/secure.gravatar.com\/avatar\/d0a7906ec94cfccc21c1c7390cfa819410fa8d9ab3408283b6cbb9d299fb66f9?s=96&d=mm&r=g","contentUrl":"https:\/\/secure.gravatar.com\/avatar\/d0a7906ec94cfccc21c1c7390cfa819410fa8d9ab3408283b6cbb9d299fb66f9?s=96&d=mm&r=g","caption":"Nicolas Peigner"}}]}},"_links":{"self":[{"href":"https:\/\/grimaud.com\/en\/wp-json\/wp\/v2\/posts\/56884","targetHints":{"allow":["GET"]}}],"collection":[{"href":"https:\/\/grimaud.com\/en\/wp-json\/wp\/v2\/posts"}],"about":[{"href":"https:\/\/grimaud.com\/en\/wp-json\/wp\/v2\/types\/post"}],"author":[{"embeddable":true,"href":"https:\/\/grimaud.com\/en\/wp-json\/wp\/v2\/users\/3"}],"replies":[{"embeddable":true,"href":"https:\/\/grimaud.com\/en\/wp-json\/wp\/v2\/comments?post=56884"}],"version-history":[{"count":0,"href":"https:\/\/grimaud.com\/en\/wp-json\/wp\/v2\/posts\/56884\/revisions"}],"wp:featuredmedia":[{"embeddable":true,"href":"https:\/\/grimaud.com\/en\/wp-json\/wp\/v2\/media\/1063025"}],"wp:attachment":[{"href":"https:\/\/grimaud.com\/en\/wp-json\/wp\/v2\/media?parent=56884"}],"wp:term":[{"taxonomy":"category","embeddable":true,"href":"https:\/\/grimaud.com\/en\/wp-json\/wp\/v2\/categories?post=56884"},{"taxonomy":"post_tag","embeddable":true,"href":"https:\/\/grimaud.com\/en\/wp-json\/wp\/v2\/tags?post=56884"},{"taxonomy":"dipi_cpt_category","embeddable":true,"href":"https:\/\/grimaud.com\/en\/wp-json\/wp\/v2\/dipi_cpt_category?post=56884"}],"curies":[{"name":"wp","href":"https:\/\/api.w.org\/{rel}","templated":true}]}}